{"id":77,"date":"2009-01-03T15:25:36","date_gmt":"2009-01-03T13:25:36","guid":{"rendered":"http:\/\/www.mediamill.de\/blog\/?p=77"},"modified":"2008-12-20T16:06:36","modified_gmt":"2008-12-20T14:06:36","slug":"wie-kann-man-bei-dem-typo3-feature-klick-vergroessern-die-groesse-der-vergroesserten-bilder-anpassen","status":"publish","type":"post","link":"https:\/\/www.mediamill.de\/blog\/2009\/01\/03\/wie-kann-man-bei-dem-typo3-feature-klick-vergroessern-die-groesse-der-vergroesserten-bilder-anpassen\/","title":{"rendered":"Wie kann man bei dem Typo3-Feature &#8222;Klick-vergr\u00f6ssern&#8220; die Gr\u00f6\u00dfe der vergr\u00f6\u00dferten Bilder anpassen?"},"content":{"rendered":"<p>Als ich in Typo3 ein Bild mit der Funktion &#8222;Klick-vergr\u00f6ssern&#8220; vergr\u00f6\u00dfern wollte, war das vergr\u00f6\u00dferte Bild kleiner als das Orginalbild. Auf der Weboberfl\u00e4che fand ich keine Option, wo ich die Gr\u00f6\u00dfe des vergr\u00f6\u00dferten Bild einstellen konnte.<\/p>\n<p><a href=\"http:\/\/www.mediamill.de\/blog\/wp-content\/klick_vergroessern.gif\" target=\"_blank\"><img loading=\"lazy\" decoding=\"async\" class=\"alignnone size-full wp-image-79\" title=\"klick_vergroessern\" src=\"http:\/\/www.mediamill.de\/blog\/wp-content\/klick_vergroessern.gif\" alt=\"\" width=\"382\" height=\"148\" \/><\/a><\/p>\n<p>Auf <a title=\"\u00d6ffnet bildgroesse-klick-vergroessern-aendern\" href=\"http:\/\/www.typo3-tutorials.org\/tutorials\/sonstiges\/bildgroesse-klick-vergroessern-aendern.html\" target=\"_blank\">www.typo3-tutorials.org<\/a> fand sich die L\u00f6sung des Problems.<\/p>\n<p>Um die Maximalgr\u00f6\u00dfe der vergr\u00f6\u00dferten Bilder zu definieren, ist TypoScript notwendig. Im Constants Editor<\/p>\n<p><a href=\"http:\/\/www.mediamill.de\/blog\/wp-content\/imgtext.gif\" target=\"_blank\"><img loading=\"lazy\" decoding=\"async\" class=\"alignnone size-medium wp-image-80\" title=\"imgtext\" src=\"http:\/\/www.mediamill.de\/blog\/wp-content\/imgtext-300x142.gif\" alt=\"\" width=\"300\" height=\"142\" \/><\/a><\/p>\n<p>kann man mit folgenden Zeilen die Gr\u00f6\u00dfe des vergr\u00f6\u00dferten Bildes festlegen:<\/p>\n<p class=\"codeblock\">styles.content.imgtext.linkWrap.width = 500<br \/>\nstyles.content.imgtext.linkWrap.height = 500<\/p>\n<p>Die angegebenen Werte sind Maximalwerte. Die Bilder werden proportional skaliert und nicht verzerrt.<\/p>\n","protected":false},"excerpt":{"rendered":"<p>Als ich in Typo3 ein Bild mit der Funktion &#8222;Klick-vergr\u00f6ssern&#8220; vergr\u00f6\u00dfern wollte, war das vergr\u00f6\u00dferte Bild kleiner als das Orginalbild. Auf der Weboberfl\u00e4che fand ich keine Option, wo ich die Gr\u00f6\u00dfe des vergr\u00f6\u00dferten Bild einstellen konnte. Auf www.typo3-tutorials.org fand sich die L\u00f6sung des Problems. Um die Maximalgr\u00f6\u00dfe der vergr\u00f6\u00dferten Bilder zu definieren, ist TypoScript notwendig. [&hellip;]<\/p>\n","protected":false},"author":3,"featured_media":0,"comment_status":"open","ping_status":"open","sticky":false,"template":"","format":"standard","meta":{"footnotes":""},"categories":[6,22,37],"tags":[],"class_list":["post-77","post","type-post","status-publish","format-standard","hentry","category-tipps","category-typo3","category-typoscript"],"_links":{"self":[{"href":"https:\/\/www.mediamill.de\/blog\/wp-json\/wp\/v2\/posts\/77","targetHints":{"allow":["GET"]}}],"collection":[{"href":"https:\/\/www.mediamill.de\/blog\/wp-json\/wp\/v2\/posts"}],"about":[{"href":"https:\/\/www.mediamill.de\/blog\/wp-json\/wp\/v2\/types\/post"}],"author":[{"embeddable":true,"href":"https:\/\/www.mediamill.de\/blog\/wp-json\/wp\/v2\/users\/3"}],"replies":[{"embeddable":true,"href":"https:\/\/www.mediamill.de\/blog\/wp-json\/wp\/v2\/comments?post=77"}],"version-history":[{"count":6,"href":"https:\/\/www.mediamill.de\/blog\/wp-json\/wp\/v2\/posts\/77\/revisions"}],"predecessor-version":[{"id":111,"href":"https:\/\/www.mediamill.de\/blog\/wp-json\/wp\/v2\/posts\/77\/revisions\/111"}],"wp:attachment":[{"href":"https:\/\/www.mediamill.de\/blog\/wp-json\/wp\/v2\/media?parent=77"}],"wp:term":[{"taxonomy":"category","embeddable":true,"href":"https:\/\/www.mediamill.de\/blog\/wp-json\/wp\/v2\/categories?post=77"},{"taxonomy":"post_tag","embeddable":true,"href":"https:\/\/www.mediamill.de\/blog\/wp-json\/wp\/v2\/tags?post=77"}],"curies":[{"name":"wp","href":"https:\/\/api.w.org\/{rel}","templated":true}]}}